{"id":36,"date":"2010-02-02T00:22:58","date_gmt":"2010-02-01T23:22:58","guid":{"rendered":"http:\/\/www.goebel-groh.at\/test\/?p=36"},"modified":"2010-02-02T00:22:58","modified_gmt":"2010-02-01T23:22:58","slug":"abfindungsvergleich-etwa-mit-einer-versicherung","status":"publish","type":"post","link":"https:\/\/www.goebel-kolar.at\/?p=36","title":{"rendered":"Abfindungsvergleich (etwa mit einer Versicherung)"},"content":{"rendered":"<p>Wenn er (wie \u00fcblich) auch k\u00fcnftige, nicht vorhersehbaren Umst\u00e4nde umfasst, ist er sittenwidrig und unbeachtlich, auch bei ganz krassem Missverh\u00e4ltnis zwischen tats\u00e4chlichem Schaden und Abfindungssumme. Auch die dreij\u00e4hrige Verj\u00e4hrung kann erst sp\u00e4ter beginnen, wenn nicht vorhergesehene Folgen erst sp\u00e4ter eintreten oder mit der Versicherung l\u00e4nger verhandelt wurde.<\/p>\n","protected":false},"excerpt":{"rendered":"<p>Wenn er (wie \u00fcblich) auch k\u00fcnftige, nicht vorhersehbaren Umst\u00e4nde umfasst, ist er sittenwidrig und unbeachtlich, auch bei ganz krassem Missverh\u00e4ltnis zwischen tats\u00e4chlichem Schaden und Abfindungssumme. Auch die dreij\u00e4hrige Verj\u00e4hrung kann erst sp\u00e4ter beginnen, wenn nicht vorhergesehene Folgen erst sp\u00e4ter eintreten oder mit der Versicherung l\u00e4nger verhandelt wurde.<\/p>\n","protected":false},"author":1,"featured_media":0,"comment_status":"closed","ping_status":"closed","sticky":false,"template":"","format":"standard","meta":{"_monsterinsights_skip_tracking":false,"_monsterinsights_sitenote_active":false,"_monsterinsights_sitenote_note":"","_monsterinsights_sitenote_category":0,"footnotes":""},"categories":[3],"tags":[],"class_list":["post-36","post","type-post","status-publish","format-standard","hentry","category-schadenersatzrecht"],"_links":{"self":[{"href":"https:\/\/www.goebel-kolar.at\/index.php?rest_route=\/wp\/v2\/posts\/36","targetHints":{"allow":["GET"]}}],"collection":[{"href":"https:\/\/www.goebel-kolar.at\/index.php?rest_route=\/wp\/v2\/posts"}],"about":[{"href":"https:\/\/www.goebel-kolar.at\/index.php?rest_route=\/wp\/v2\/types\/post"}],"author":[{"embeddable":true,"href":"https:\/\/www.goebel-kolar.at\/index.php?rest_route=\/wp\/v2\/users\/1"}],"replies":[{"embeddable":true,"href":"https:\/\/www.goebel-kolar.at\/index.php?rest_route=%2Fwp%2Fv2%2Fcomments&post=36"}],"version-history":[{"count":1,"href":"https:\/\/www.goebel-kolar.at\/index.php?rest_route=\/wp\/v2\/posts\/36\/revisions"}],"predecessor-version":[{"id":37,"href":"https:\/\/www.goebel-kolar.at\/index.php?rest_route=\/wp\/v2\/posts\/36\/revisions\/37"}],"wp:attachment":[{"href":"https:\/\/www.goebel-kolar.at\/index.php?rest_route=%2Fwp%2Fv2%2Fmedia&parent=36"}],"wp:term":[{"taxonomy":"category","embeddable":true,"href":"https:\/\/www.goebel-kolar.at\/index.php?rest_route=%2Fwp%2Fv2%2Fcategories&post=36"},{"taxonomy":"post_tag","embeddable":true,"href":"https:\/\/www.goebel-kolar.at\/index.php?rest_route=%2Fwp%2Fv2%2Ftags&post=36"}],"curies":[{"name":"wp","href":"https:\/\/api.w.org\/{rel}","templated":true}]}}