{"id":32,"date":"2010-02-02T00:22:08","date_gmt":"2010-02-01T23:22:08","guid":{"rendered":"http:\/\/www.goebel-groh.at\/test\/?p=32"},"modified":"2010-02-02T00:22:08","modified_gmt":"2010-02-01T23:22:08","slug":"absetzbarkeit-von-bewirtungskosten-als-werbekosten","status":"publish","type":"post","link":"https:\/\/www.goebel-kolar.at\/?p=32","title":{"rendered":"Absetzbarkeit von Bewirtungskosten als Werbekosten"},"content":{"rendered":"<p>Ein neues Erkenntnis des VwGH vom 22.3.2006 brachte eine wesentliche Neuerung. W\u00e4hrend fr\u00fcher nur die Bewirtung potentieller neuer Kunden absetzbar war, gen\u00fcgt es ab sofort, dass der Steuerpflichtige dartut, dass er anl\u00e4sslich der Bewirtung jeweils eine auf seine berufliche T\u00e4tigkeit bezogene Leistungsinformation geboten hat.<\/p>\n","protected":false},"excerpt":{"rendered":"<p>Ein neues Erkenntnis des VwGH vom 22.3.2006 brachte eine wesentliche Neuerung. W\u00e4hrend fr\u00fcher nur die Bewirtung potentieller neuer Kunden absetzbar war, gen\u00fcgt es ab sofort, dass der Steuerpflichtige dartut, dass er anl\u00e4sslich der Bewirtung jeweils eine auf seine berufliche T\u00e4tigkeit bezogene Leistungsinformation geboten hat.<\/p>\n","protected":false},"author":1,"featured_media":0,"comment_status":"closed","ping_status":"closed","sticky":false,"template":"","format":"standard","meta":{"_monsterinsights_skip_tracking":false,"_monsterinsights_sitenote_active":false,"_monsterinsights_sitenote_note":"","_monsterinsights_sitenote_category":0,"footnotes":""},"categories":[5],"tags":[],"class_list":["post-32","post","type-post","status-publish","format-standard","hentry","category-unternehmensbetreuung"],"_links":{"self":[{"href":"https:\/\/www.goebel-kolar.at\/index.php?rest_route=\/wp\/v2\/posts\/32","targetHints":{"allow":["GET"]}}],"collection":[{"href":"https:\/\/www.goebel-kolar.at\/index.php?rest_route=\/wp\/v2\/posts"}],"about":[{"href":"https:\/\/www.goebel-kolar.at\/index.php?rest_route=\/wp\/v2\/types\/post"}],"author":[{"embeddable":true,"href":"https:\/\/www.goebel-kolar.at\/index.php?rest_route=\/wp\/v2\/users\/1"}],"replies":[{"embeddable":true,"href":"https:\/\/www.goebel-kolar.at\/index.php?rest_route=%2Fwp%2Fv2%2Fcomments&post=32"}],"version-history":[{"count":1,"href":"https:\/\/www.goebel-kolar.at\/index.php?rest_route=\/wp\/v2\/posts\/32\/revisions"}],"predecessor-version":[{"id":33,"href":"https:\/\/www.goebel-kolar.at\/index.php?rest_route=\/wp\/v2\/posts\/32\/revisions\/33"}],"wp:attachment":[{"href":"https:\/\/www.goebel-kolar.at\/index.php?rest_route=%2Fwp%2Fv2%2Fmedia&parent=32"}],"wp:term":[{"taxonomy":"category","embeddable":true,"href":"https:\/\/www.goebel-kolar.at\/index.php?rest_route=%2Fwp%2Fv2%2Fcategories&post=32"},{"taxonomy":"post_tag","embeddable":true,"href":"https:\/\/www.goebel-kolar.at\/index.php?rest_route=%2Fwp%2Fv2%2Ftags&post=32"}],"curies":[{"name":"wp","href":"https:\/\/api.w.org\/{rel}","templated":true}]}}