{"id":28,"date":"2010-02-02T00:20:11","date_gmt":"2010-02-01T23:20:11","guid":{"rendered":"http:\/\/www.goebel-groh.at\/test\/?p=28"},"modified":"2010-02-02T00:20:11","modified_gmt":"2010-02-01T23:20:11","slug":"patientenverfugung","status":"publish","type":"post","link":"https:\/\/www.goebel-kolar.at\/?p=28","title":{"rendered":"Patientenverf\u00fcgung"},"content":{"rendered":"<p>Das Gesetz betreffend Patientenverf\u00fcgung ist mit 1.6.2006 in Kraft getreten. M\u00f6glicher Inhalt und G\u00fcltigkeitserfordernisse werden im Gesetz geregelt. Verbindlich ist eine Patientenverf\u00fcgung nur dann, wenn sie auf einer umfassenden \u00e4rztlichen Aufkl\u00e4rung beruht und durch einen <strong>Rechtsanwalt<\/strong>, Patientenanwaltschaft oder Notar errichtet wird.<\/p>\n","protected":false},"excerpt":{"rendered":"<p>Das Gesetz betreffend Patientenverf\u00fcgung ist mit 1.6.2006 in Kraft getreten. M\u00f6glicher Inhalt und G\u00fcltigkeitserfordernisse werden im Gesetz geregelt. Verbindlich ist eine Patientenverf\u00fcgung nur dann, wenn sie auf einer umfassenden \u00e4rztlichen Aufkl\u00e4rung beruht und durch einen Rechtsanwalt, Patientenanwaltschaft oder Notar errichtet wird.<\/p>\n","protected":false},"author":1,"featured_media":0,"comment_status":"closed","ping_status":"closed","sticky":false,"template":"","format":"standard","meta":{"_monsterinsights_skip_tracking":false,"_monsterinsights_sitenote_active":false,"_monsterinsights_sitenote_note":"","_monsterinsights_sitenote_category":0,"footnotes":""},"categories":[6],"tags":[],"class_list":["post-28","post","type-post","status-publish","format-standard","hentry","category-konsumentenschutz"],"_links":{"self":[{"href":"https:\/\/www.goebel-kolar.at\/index.php?rest_route=\/wp\/v2\/posts\/28","targetHints":{"allow":["GET"]}}],"collection":[{"href":"https:\/\/www.goebel-kolar.at\/index.php?rest_route=\/wp\/v2\/posts"}],"about":[{"href":"https:\/\/www.goebel-kolar.at\/index.php?rest_route=\/wp\/v2\/types\/post"}],"author":[{"embeddable":true,"href":"https:\/\/www.goebel-kolar.at\/index.php?rest_route=\/wp\/v2\/users\/1"}],"replies":[{"embeddable":true,"href":"https:\/\/www.goebel-kolar.at\/index.php?rest_route=%2Fwp%2Fv2%2Fcomments&post=28"}],"version-history":[{"count":1,"href":"https:\/\/www.goebel-kolar.at\/index.php?rest_route=\/wp\/v2\/posts\/28\/revisions"}],"predecessor-version":[{"id":29,"href":"https:\/\/www.goebel-kolar.at\/index.php?rest_route=\/wp\/v2\/posts\/28\/revisions\/29"}],"wp:attachment":[{"href":"https:\/\/www.goebel-kolar.at\/index.php?rest_route=%2Fwp%2Fv2%2Fmedia&parent=28"}],"wp:term":[{"taxonomy":"category","embeddable":true,"href":"https:\/\/www.goebel-kolar.at\/index.php?rest_route=%2Fwp%2Fv2%2Fcategories&post=28"},{"taxonomy":"post_tag","embeddable":true,"href":"https:\/\/www.goebel-kolar.at\/index.php?rest_route=%2Fwp%2Fv2%2Ftags&post=28"}],"curies":[{"name":"wp","href":"https:\/\/api.w.org\/{rel}","templated":true}]}}